{"id":9893,"date":"2026-06-01T17:18:23","date_gmt":"2026-06-01T15:18:23","guid":{"rendered":"https:\/\/oegai.org\/?p=9893"},"modified":"2026-09-01T09:46:37","modified_gmt":"2026-09-01T07:46:37","slug":"oegai-annual-congress-2026","status":"publish","type":"post","link":"https:\/\/oegai.org\/en\/oegai-annual-congress-2026\/","title":{"rendered":"\u00d6GAI Annual Conference 2026"},"content":{"rendered":"[vc_row type=&#8221;in_container&#8221; full_screen_row_position=&#8221;middle&#8221; column_margin=&#8221;default&#8221; column_direction=&#8221;default&#8221; column_direction_tablet=&#8221;default&#8221; column_direction_phone=&#8221;default&#8221; scene_position=&#8221;center&#8221; text_color=&#8221;dark&#8221; text_align=&#8221;left&#8221; row_border_radius=&#8221;none&#8221; row_border_radius_applies=&#8221;bg&#8221; row_position_desktop=&#8221;default&#8221; row_position_tablet=&#8221;inherit&#8221; row_position_phone=&#8221;inherit&#8221; overflow=&#8221;visible&#8221; overlay_strength=&#8221;0.3&#8243; gradient_direction=&#8221;left_to_right&#8221; shape_divider_position=&#8221;bottom&#8221; bg_image_animation=&#8221;none&#8221;][vc_column column_padding=&#8221;no-extra-padding&#8221; column_padding_tablet=&#8221;inherit&#8221; column_padding_phone=&#8221;inherit&#8221; column_padding_position=&#8221;all&#8221; flex_gap_desktop=&#8221;10px&#8221; column_element_direction_desktop=&#8221;default&#8221; column_element_spacing=&#8221;default&#8221; desktop_text_alignment=&#8221;default&#8221; tablet_text_alignment=&#8221;default&#8221; phone_text_alignment=&#8221;default&#8221; background_color_opacity=&#8221;1&#8243; background_hover_color_opacity=&#8221;1&#8243; column_backdrop_filter=&#8221;none&#8221; column_shadow=&#8221;none&#8221; column_border_radius=&#8221;none&#8221; column_link_target=&#8221;_self&#8221; column_position=&#8221;default&#8221; gradient_direction=&#8221;left_to_right&#8221; overlay_strength=&#8221;0.3&#8243; width=&#8221;1\/1&#8243; tablet_width_inherit=&#8221;default&#8221; animation_type=&#8221;default&#8221; bg_image_animation=&#8221;none&#8221; border_type=&#8221;simple&#8221; column_border_width=&#8221;none&#8221; column_border_style=&#8221;solid&#8221;][nectar_highlighted_text color_type=&#8221;regular&#8221; style=&#8221;half_text&#8221; text_direction=&#8221;default&#8221;]\n<h3><strong><em>\u00d6GAI Annual Conference 2026<\/em><\/strong><\/h3>\n[\/nectar_highlighted_text][\/vc_column][\/vc_row][vc_row type=&#8221;in_container&#8221; full_screen_row_position=&#8221;middle&#8221; column_margin=&#8221;default&#8221; column_direction=&#8221;default&#8221; column_direction_tablet=&#8221;default&#8221; column_direction_phone=&#8221;default&#8221; scene_position=&#8221;center&#8221; text_color=&#8221;dark&#8221; text_align=&#8221;left&#8221; row_border_radius=&#8221;none&#8221; row_border_radius_applies=&#8221;bg&#8221; row_position_desktop=&#8221;default&#8221; row_position_tablet=&#8221;inherit&#8221; row_position_phone=&#8221;inherit&#8221; overflow=&#8221;visible&#8221; overlay_strength=&#8221;0.3&#8243; gradient_direction=&#8221;left_to_right&#8221; shape_divider_position=&#8221;bottom&#8221; bg_image_animation=&#8221;none&#8221;][vc_column column_padding=&#8221;no-extra-padding&#8221; column_padding_tablet=&#8221;inherit&#8221; column_padding_phone=&#8221;inherit&#8221; column_padding_position=&#8221;all&#8221; flex_gap_desktop=&#8221;10px&#8221; column_element_direction_desktop=&#8221;default&#8221; column_element_spacing=&#8221;default&#8221; desktop_text_alignment=&#8221;default&#8221; tablet_text_alignment=&#8221;default&#8221; phone_text_alignment=&#8221;default&#8221; background_color_opacity=&#8221;1&#8243; background_hover_color_opacity=&#8221;1&#8243; column_backdrop_filter=&#8221;none&#8221; column_shadow=&#8221;none&#8221; column_border_radius=&#8221;none&#8221; column_link_target=&#8221;_self&#8221; column_position=&#8221;default&#8221; gradient_direction=&#8221;left_to_right&#8221; overlay_strength=&#8221;0.3&#8243; width=&#8221;1\/1&#8243; tablet_width_inherit=&#8221;default&#8221; animation_type=&#8221;default&#8221; bg_image_animation=&#8221;none&#8221; border_type=&#8221;simple&#8221; column_border_width=&#8221;none&#8221; column_border_style=&#8221;solid&#8221;][vc_column_text css=&#8221;&#8221; text_direction=&#8221;default&#8221;]Dear \u00d6GAI members, dear friends and colleagues!<\/p>\n<p>It is our great pleasure to announce that the next Annual Conference of \u00d6GAI will take place in Vienna between November 4-6 2026 at the Medical University of Vienna (Van Swieten Saal, Van-Swieten-Gasse 1a, 1090 Vienna).<\/p>\n<p>We have an exciting line-up of speakers and sessions. We will open with a session chaired by the \u00d6GAI Immunometabolism working group, will then learn about the latest insights into post-acute infection syndromes, spotlight novel approaches for the design of CAR T cells and hear about how the microbiome impacts the gut-brain axis. Further highlights include a session by the \u00d6GAI B Cell Working Group, joint sessions with the Austrian Society for Rheumatology and the FWF SFB HIT research program, as well as an engaging session with the Danube Allergy Research Cluster (DARC), all fostering strong cross-disciplinary collaboration and scientific exchange. In addition, early-stage researcher and postdoctoral fellows will present their findings in oral presentations embedded in the various sessions and in guided poster tours.<\/p>\n<p>During the meeting, we will also celebrate scientific excellence of the next generation of scientists and will present the \u00d6GAI prizes for the best papers in the field of Allergology (Clemens von Pirquet prize) and Immunology (Karl Landsteiner prize) and the best dissertation awards. Moreover, in the \u00d6GAI Medal award session we will honor outstanding scientists who have made important contributions in the fields of allergology or immunology and have a closer connection to the \u00d6GAI or its members. The meeting will close on Friday afternoon with the Ruth Sonntag Nussenzweig Award session and the EFIS-EJI Ita Askonas prize session. These distinguished awards celebrate the outstanding achievements of women in science, raising their visibility and contributing to a more equitable, inclusive, and diverse scientific community. Further details on both prizes are provided in subsequent sections of the program.<\/p>\n<p>We also thank all sponsors for their generous support. With their contributions, we provide a dynamic meeting platform to share exciting new research data, discuss their translational and clinical applications and explore their broader scientific implications. We further promote networking among scientists, clinicians and exhibitors.<\/p>\n<p>We look forward to three exciting days of science and an engaging and inspiring meeting that connects basic research with translational approaches that will foster clinical innovation.<\/p>\n<p>Thank you for joining us, and we look forward to welcoming you in Vienna!<\/p>\n<p>Nicole Boucheron, Kathrin Eller, Wilfried Ellmeier, Wolfram Hoetzenecker, Bernado Silva, Georg Stary, Eva Untersmayr<br \/>\n(The local organizing committee)[\/vc_column_text][\/vc_column][\/vc_row][vc_row type=&#8221;in_container&#8221; full_screen_row_position=&#8221;middle&#8221; column_margin=&#8221;default&#8221; column_direction=&#8221;default&#8221; column_direction_tablet=&#8221;default&#8221; column_direction_phone=&#8221;default&#8221; scene_position=&#8221;center&#8221; text_color=&#8221;dark&#8221; text_align=&#8221;left&#8221; row_border_radius=&#8221;none&#8221; row_border_radius_applies=&#8221;bg&#8221; row_position_desktop=&#8221;default&#8221; row_position_tablet=&#8221;inherit&#8221; row_position_phone=&#8221;inherit&#8221; overflow=&#8221;visible&#8221; overlay_strength=&#8221;0.3&#8243; gradient_direction=&#8221;left_to_right&#8221; shape_divider_position=&#8221;bottom&#8221; bg_image_animation=&#8221;none&#8221;][vc_column column_padding=&#8221;no-extra-padding&#8221; column_padding_tablet=&#8221;inherit&#8221; column_padding_phone=&#8221;inherit&#8221; column_padding_position=&#8221;all&#8221; flex_gap_desktop=&#8221;10px&#8221; column_element_direction_desktop=&#8221;default&#8221; column_element_spacing=&#8221;default&#8221; desktop_text_alignment=&#8221;default&#8221; tablet_text_alignment=&#8221;default&#8221; phone_text_alignment=&#8221;default&#8221; background_color_opacity=&#8221;1&#8243; background_hover_color_opacity=&#8221;1&#8243; column_backdrop_filter=&#8221;none&#8221; column_shadow=&#8221;none&#8221; column_border_radius=&#8221;none&#8221; column_link_target=&#8221;_self&#8221; column_position=&#8221;default&#8221; gradient_direction=&#8221;left_to_right&#8221; overlay_strength=&#8221;0.3&#8243; width=&#8221;1\/1&#8243; tablet_width_inherit=&#8221;default&#8221; animation_type=&#8221;default&#8221; bg_image_animation=&#8221;none&#8221; border_type=&#8221;simple&#8221; column_border_width=&#8221;none&#8221; column_border_style=&#8221;solid&#8221;][nectar_highlighted_text color_type=&#8221;regular&#8221; style=&#8221;half_text&#8221; text_direction=&#8221;default&#8221;]\n<h3><strong><em>List of Speakers<\/em><\/strong><\/h3>\n[\/nectar_highlighted_text][\/vc_column][\/vc_row][vc_row type=&#8221;in_container&#8221; full_screen_row_position=&#8221;middle&#8221; column_margin=&#8221;default&#8221; column_direction=&#8221;default&#8221; column_direction_tablet=&#8221;default&#8221; column_direction_phone=&#8221;default&#8221; scene_position=&#8221;center&#8221; text_color=&#8221;dark&#8221; text_align=&#8221;left&#8221; row_border_radius=&#8221;none&#8221; row_border_radius_applies=&#8221;bg&#8221; row_position_desktop=&#8221;default&#8221; row_position_tablet=&#8221;inherit&#8221; row_position_phone=&#8221;inherit&#8221; overflow=&#8221;visible&#8221; overlay_strength=&#8221;0.3&#8243; gradient_direction=&#8221;left_to_right&#8221; shape_divider_position=&#8221;bottom&#8221; bg_image_animation=&#8221;none&#8221;][vc_column column_padding=&#8221;no-extra-padding&#8221; column_padding_tablet=&#8221;inherit&#8221; column_padding_phone=&#8221;inherit&#8221; column_padding_position=&#8221;all&#8221; flex_gap_desktop=&#8221;10px&#8221; column_element_direction_desktop=&#8221;default&#8221; column_element_spacing=&#8221;default&#8221; desktop_text_alignment=&#8221;default&#8221; tablet_text_alignment=&#8221;default&#8221; phone_text_alignment=&#8221;default&#8221; background_color_opacity=&#8221;1&#8243; background_hover_color_opacity=&#8221;1&#8243; column_backdrop_filter=&#8221;none&#8221; column_shadow=&#8221;none&#8221; column_border_radius=&#8221;none&#8221; column_link_target=&#8221;_self&#8221; column_position=&#8221;default&#8221; gradient_direction=&#8221;left_to_right&#8221; overlay_strength=&#8221;0.3&#8243; width=&#8221;1\/1&#8243; tablet_width_inherit=&#8221;default&#8221; animation_type=&#8221;default&#8221; bg_image_animation=&#8221;none&#8221; border_type=&#8221;simple&#8221; column_border_width=&#8221;none&#8221; column_border_style=&#8221;solid&#8221;][vc_column_text css=&#8221;&#8221; text_direction=&#8221;default&#8221;]<strong>Meinrad Busslinger<\/strong> (I.M.P. Vienna, Austria)<br \/>\nMolecular mechanism of allelic exclusion at the immunoglobulin heavy-chain locus in early B cell development.<\/p>\n<p><strong>Sarah Dimeloe<\/strong> (University of Birmingham, Birmingham, UK)<br \/>\nMetabolic control of T cell function<\/p>\n<p><strong>Johan Henriksson<\/strong> (Umea University, Umea, Sweden) &#8211; joint session with SFB F70 (HDACs and T Cell-mediated Immunity)<br \/>\nToward rational design of CAR T cells via natural off-target analysis<\/p>\n<p><strong>Bernard Malissen<\/strong> (INSERM, CNRS, Marseille, France) &#8211; joint session with the Danube Allergy Research Cluster (DARC)<br \/>\nUnveiling the molecular basis of T cell malfunctions and disorders using multi-omics approaches<\/p>\n<p><strong>Michel Nussenzweig<\/strong> (Rockefeller University, New York, USA)<br \/>\nHow to maintain diversity while increasing specificity during an immune response<\/p>\n<p><strong>Anna Obenauf<\/strong> (I.M.P. Vienna, Austria)<br \/>\nUnlocking immunity: Decoding and reprogramming the immune-evasive tumor microenvironment<\/p>\n<p><strong>Rikke J Olsen<\/strong> (Aarhus University, Denmark) &#8211; joint session with the &#8220;Nationales Referenzzentrum f\u00fcr postvirale Syndrome&#8221;<br \/>\nTbd<\/p>\n<p><strong>Almudena Ramiro<\/strong> (Spanish National Center for Cardiovascular Research, Madrid, Spain)<br \/>\nAutoreactive antibody responses in atherosclerosis<\/p>\n<p><strong>Maria Rescigno<\/strong> (CeMM, Vienna, Austria)<br \/>\nThe microbiota in the gut-brain axis<\/p>\n<p><strong>Johnson &amp; Johnson Lunch Symposium on <\/strong><strong>Pro-inflammatory cytokines as drivers of disease specific tissue inflammation<\/strong><\/p>\n<p><strong>Michael Bonelli<\/strong> (Medical University of Vienna, Austria)<br \/>\nSynovial pathotypes in inflammatory joint diseases<\/p>\n<p><strong>Georg Stary<\/strong> (CeMM, Medical University of Vienna, Austria)<br \/>\nTissue-resident immune circuits in inflammatory skin diseases<\/p>\n<p><strong>Sobi Industry-supported talk<\/strong><\/p>\n<p><strong>Kathrin Eller<\/strong> (Medical University of Graz)<br \/>\nTargeting the complement system with Pegcetacoplan in rare kidney diseases[\/vc_column_text][nectar_highlighted_text color_type=&#8221;regular&#8221; style=&#8221;half_text&#8221; text_direction=&#8221;default&#8221;]\n<h3><strong><em>Registration<\/em><\/strong><\/h3>\n[\/nectar_highlighted_text][vc_column_text css=&#8221;&#8221; text_direction=&#8221;default&#8221;]<a href=\"https:\/\/wma.eventsair.com\/ogai-annual-conference-2026\/ogai2026reg\/Site\/Register\" target=\"_blank\" rel=\"noopener\">Link to Registration<\/a><\/p>\n<p><a href=\"https:\/\/wma.eventsair.com\/ogai-annual-conference-2026\/oegaiabs26\" target=\"_blank\" rel=\"noopener\">Link to Abstract Submission<\/a><\/p>\n<p><u>Important deadlines:<\/u><\/p>\n<p>New Early registration deadline: 09.09.2026<br \/>\nNew abstract submission deadline: 09.09.2026<br \/>\nRegistration deadline:\u00a0 15.10.2026<br \/>\nLate registration deadline:\u00a0 01.11.2026<\/p>\n<p><u>Registration fees:<\/u><\/p>\n<p>\u00d6GAI Member (early fee): 190,00 \u20ac<br \/>\nNon-member (early fee): 240,00 \u20ac<br \/>\nStudent member (early fee): 120,00 \u20ac<br \/>\nStudent non-member (early fee): 155,00 \u20ac<\/p>\n<p>\u00d6GAI Member (regular fee): 235,00 \u20ac<br \/>\nNon-member (regular fee): 290,00 \u20ac<br \/>\nStudent member (regular fee): 150,00 \u20ac<br \/>\nStudent non-member (regular fee): 195,00 \u20ac<\/p>\n<p>\u00d6GAI Member (late fee): 255,00 \u20ac<br \/>\nNon-member (late fee): 310,00 \u20ac<br \/>\nStudent member (late fee): 170,00 \u20ac<br \/>\nStudent non-member (late fee): 215,00 \u20ac[\/vc_column_text][nectar_highlighted_text color_type=&#8221;regular&#8221; style=&#8221;half_text&#8221; text_direction=&#8221;default&#8221;]\n<h3><strong><em>Preliminary program at a glance<\/em><\/strong><\/h3>\n[\/nectar_highlighted_text][vc_column_text css=&#8221;&#8221; text_direction=&#8221;default&#8221;]\n<h5>Preliminary program draft: <a href=\"https:\/\/oegai.org\/wp-content\/uploads\/2026\/09\/2026_OEGAI_program-draft_01092026.pdf\">download link<\/a><\/h5>\n[\/vc_column_text][image_with_animation image_url=&#8221;10958&#8243; image_size=&#8221;full&#8221; max_width=&#8221;75%&#8221; max_width_mobile=&#8221;default&#8221; animation_type=&#8221;entrance&#8221; animation=&#8221;None&#8221; animation_movement_type=&#8221;transform_y&#8221; hover_animation=&#8221;none&#8221; alignment=&#8221;&#8221; border_radius=&#8221;none&#8221; box_shadow=&#8221;none&#8221; image_loading=&#8221;default&#8221;][nectar_highlighted_text color_type=&#8221;regular&#8221; style=&#8221;half_text&#8221; text_direction=&#8221;default&#8221;]\n<h3><strong><em>The annual conference is support by<\/em><\/strong><\/h3>\n[\/nectar_highlighted_text][image_with_animation image_url=&#8221;10888&#8243; image_size=&#8221;full&#8221; max_width=&#8221;75%&#8221; max_width_mobile=&#8221;default&#8221; animation_type=&#8221;entrance&#8221; animation=&#8221;None&#8221; animation_movement_type=&#8221;transform_y&#8221; hover_animation=&#8221;none&#8221; alignment=&#8221;center&#8221; border_radius=&#8221;none&#8221; box_shadow=&#8221;none&#8221; image_loading=&#8221;default&#8221;][\/vc_column][\/vc_row][vc_row type=&#8221;in_container&#8221; full_screen_row_position=&#8221;middle&#8221; column_margin=&#8221;default&#8221; column_direction=&#8221;default&#8221; column_direction_tablet=&#8221;default&#8221; column_direction_phone=&#8221;default&#8221; scene_position=&#8221;center&#8221; text_color=&#8221;dark&#8221; text_align=&#8221;left&#8221; row_border_radius=&#8221;none&#8221; row_border_radius_applies=&#8221;bg&#8221; row_position_desktop=&#8221;default&#8221; row_position_tablet=&#8221;inherit&#8221; row_position_phone=&#8221;inherit&#8221; overflow=&#8221;visible&#8221; overlay_strength=&#8221;0.3&#8243; gradient_direction=&#8221;left_to_right&#8221; shape_divider_position=&#8221;bottom&#8221; bg_image_animation=&#8221;none&#8221;][vc_column column_padding=&#8221;no-extra-padding&#8221; column_padding_tablet=&#8221;inherit&#8221; column_padding_phone=&#8221;inherit&#8221; column_padding_position=&#8221;all&#8221; flex_gap_desktop=&#8221;10px&#8221; column_element_direction_desktop=&#8221;default&#8221; column_element_spacing=&#8221;default&#8221; desktop_text_alignment=&#8221;default&#8221; tablet_text_alignment=&#8221;default&#8221; phone_text_alignment=&#8221;default&#8221; background_color_opacity=&#8221;1&#8243; background_hover_color_opacity=&#8221;1&#8243; column_backdrop_filter=&#8221;none&#8221; column_shadow=&#8221;none&#8221; column_border_radius=&#8221;none&#8221; column_link_target=&#8221;_self&#8221; column_position=&#8221;default&#8221; gradient_direction=&#8221;left_to_right&#8221; overlay_strength=&#8221;0.3&#8243; width=&#8221;1\/1&#8243; tablet_width_inherit=&#8221;default&#8221; animation_type=&#8221;default&#8221; bg_image_animation=&#8221;none&#8221; border_type=&#8221;simple&#8221; column_border_width=&#8221;none&#8221; column_border_style=&#8221;solid&#8221;][\/vc_column][\/vc_row]\n","protected":false},"excerpt":{"rendered":"<p>[vc_row type=&#8221;in_container&#8221; full_screen_row_position=&#8221;middle&#8221; column_margin=&#8221;default&#8221; column_direction=&#8221;default&#8221; column_direction_tablet=&#8221;default&#8221; column_direction_phone=&#8221;default&#8221; scene_position=&#8221;center&#8221; text_color=&#8221;dark&#8221; text_align=&#8221;left&#8221; row_border_radius=&#8221;none&#8221; row_border_radius_applies=&#8221;bg&#8221; row_position_desktop=&#8221;default&#8221; row_position_tablet=&#8221;inherit&#8221; row_position_phone=&#8221;inherit&#8221; overflow=&#8221;visible&#8221; overlay_strength=&#8221;0.3&#8243; gradient_direction=&#8221;left_to_right&#8221; shape_divider_position=&#8221;bottom&#8221; bg_image_animation=&#8221;none&#8221;][vc_column column_padding=&#8221;no-extra-padding&#8221; column_padding_tablet=&#8221;inherit&#8221; column_padding_phone=&#8221;inherit&#8221; column_padding_position=&#8221;all&#8221; flex_gap_desktop=&#8221;10px&#8221; column_element_direction_desktop=&#8221;default&#8221; column_element_spacing=&#8221;default&#8221; desktop_text_alignment=&#8221;default&#8221; tablet_text_alignment=&#8221;default&#8221; phone_text_alignment=&#8221;default&#8221;&#8230;<\/p>\n","protected":false},"author":1204,"featured_media":10315,"comment_status":"closed","ping_status":"open","sticky":false,"template":"","format":"standard","meta":{"rs_blank_template":"","rs_page_bg_color":"","slide_template_v7":"","_monsterinsights_skip_tracking":false,"footnotes":""},"categories":[54,130,45],"tags":[],"class_list":["post-9893","post","type-post","status-publish","format-standard","has-post-thumbnail","category-annual-meetings","category-latest-news","category-oegai-news-en"],"yoast_head":"<!-- This site is optimized with the Yoast SEO plugin v28.2 - https:\/\/yoast.com\/product\/yoast-seo-wordpress\/ -->\n<title>\u00d6GAI Annual Conference 2026 - \u00d6GAI<\/title>\n<meta name=\"robots\" content=\"index, follow, max-snippet:-1, max-image-preview:large, max-video-preview:-1\" \/>\n<link rel=\"canonical\" href=\"https:\/\/oegai.org\/en\/oegai-annual-congress-2026\/\" \/>\n<meta property=\"og:locale\" content=\"en_US\" \/>\n<meta property=\"og:type\" content=\"article\" \/>\n<meta property=\"og:title\" content=\"\u00d6GAI Annual Conference 2026 - \u00d6GAI\" \/>\n<meta property=\"og:description\" content=\"[vc_row type=&#8221;in_container&#8221; full_screen_row_position=&#8221;middle&#8221; column_margin=&#8221;default&#8221; column_direction=&#8221;default&#8221; column_direction_tablet=&#8221;default&#8221; column_direction_phone=&#8221;default&#8221; scene_position=&#8221;center&#8221; text_color=&#8221;dark&#8221; text_align=&#8221;left&#8221; row_border_radius=&#8221;none&#8221; row_border_radius_applies=&#8221;bg&#8221; row_position_desktop=&#8221;default&#8221; row_position_tablet=&#8221;inherit&#8221; row_position_phone=&#8221;inherit&#8221; overflow=&#8221;visible&#8221; overlay_strength=&#8221;0.3&#8243; gradient_direction=&#8221;left_to_right&#8221; shape_divider_position=&#8221;bottom&#8221; bg_image_animation=&#8221;none&#8221;][vc_column column_padding=&#8221;no-extra-padding&#8221; column_padding_tablet=&#8221;inherit&#8221; column_padding_phone=&#8221;inherit&#8221; column_padding_position=&#8221;all&#8221; flex_gap_desktop=&#8221;10px&#8221; column_element_direction_desktop=&#8221;default&#8221; column_element_spacing=&#8221;default&#8221; desktop_text_alignment=&#8221;default&#8221; tablet_text_alignment=&#8221;default&#8221; phone_text_alignment=&#8221;default&#8221;...\" \/>\n<meta property=\"og:url\" content=\"https:\/\/oegai.org\/en\/oegai-annual-congress-2026\/\" \/>\n<meta property=\"og:site_name\" content=\"\u00d6GAI\" \/>\n<meta property=\"article:published_time\" content=\"2026-06-01T15:18:23+00:00\" \/>\n<meta property=\"article:modified_time\" content=\"2026-09-01T07:46:37+00:00\" \/>\n<meta property=\"og:image\" content=\"https:\/\/oegai.org\/wp-content\/uploads\/2026\/02\/OeGAI_AM.jpg\" \/>\n\t<meta property=\"og:image:width\" content=\"1861\" \/>\n\t<meta property=\"og:image:height\" content=\"1862\" \/>\n\t<meta property=\"og:image:type\" content=\"image\/jpeg\" \/>\n<meta name=\"author\" content=\"Wilfried ELLMEIER\" \/>\n<meta name=\"twitter:card\" content=\"summary_large_image\" \/>\n<meta name=\"twitter:label1\" content=\"Written by\" \/>\n\t<meta name=\"twitter:data1\" content=\"Wilfried ELLMEIER\" \/>\n\t<meta name=\"twitter:label2\" content=\"Est. reading time\" \/>\n\t<meta name=\"twitter:data2\" content=\"5 minutes\" \/>\n<script type=\"application\/ld+json\" class=\"yoast-schema-graph\">{\"@context\":\"https:\\\/\\\/schema.org\",\"@graph\":[{\"@type\":\"Article\",\"@id\":\"https:\\\/\\\/oegai.org\\\/en\\\/oegai-annual-congress-2026\\\/#article\",\"isPartOf\":{\"@id\":\"https:\\\/\\\/oegai.org\\\/en\\\/oegai-annual-congress-2026\\\/\"},\"author\":{\"name\":\"Wilfried ELLMEIER\",\"@id\":\"https:\\\/\\\/oegai.org\\\/en\\\/#\\\/schema\\\/person\\\/c648a2786104dcf930aa519128a52be7\"},\"headline\":\"\u00d6GAI Annual Conference 2026\",\"datePublished\":\"2026-06-01T15:18:23+00:00\",\"dateModified\":\"2026-09-01T07:46:37+00:00\",\"mainEntityOfPage\":{\"@id\":\"https:\\\/\\\/oegai.org\\\/en\\\/oegai-annual-congress-2026\\\/\"},\"wordCount\":1785,\"image\":{\"@id\":\"https:\\\/\\\/oegai.org\\\/en\\\/oegai-annual-congress-2026\\\/#primaryimage\"},\"thumbnailUrl\":\"https:\\\/\\\/oegai.org\\\/wp-content\\\/uploads\\\/2026\\\/02\\\/OeGAI_AM.jpg\",\"articleSection\":[\"Annual Meetings\",\"Latest News\",\"\u00d6GAI News\"],\"inLanguage\":\"en-US\"},{\"@type\":\"WebPage\",\"@id\":\"https:\\\/\\\/oegai.org\\\/en\\\/oegai-annual-congress-2026\\\/\",\"url\":\"https:\\\/\\\/oegai.org\\\/en\\\/oegai-annual-congress-2026\\\/\",\"name\":\"\u00d6GAI Annual Conference 2026 - \u00d6GAI\",\"isPartOf\":{\"@id\":\"https:\\\/\\\/oegai.org\\\/en\\\/#website\"},\"primaryImageOfPage\":{\"@id\":\"https:\\\/\\\/oegai.org\\\/en\\\/oegai-annual-congress-2026\\\/#primaryimage\"},\"image\":{\"@id\":\"https:\\\/\\\/oegai.org\\\/en\\\/oegai-annual-congress-2026\\\/#primaryimage\"},\"thumbnailUrl\":\"https:\\\/\\\/oegai.org\\\/wp-content\\\/uploads\\\/2026\\\/02\\\/OeGAI_AM.jpg\",\"datePublished\":\"2026-06-01T15:18:23+00:00\",\"dateModified\":\"2026-09-01T07:46:37+00:00\",\"author\":{\"@id\":\"https:\\\/\\\/oegai.org\\\/en\\\/#\\\/schema\\\/person\\\/c648a2786104dcf930aa519128a52be7\"},\"breadcrumb\":{\"@id\":\"https:\\\/\\\/oegai.org\\\/en\\\/oegai-annual-congress-2026\\\/#breadcrumb\"},\"inLanguage\":\"en-US\",\"potentialAction\":[{\"@type\":\"ReadAction\",\"target\":[\"https:\\\/\\\/oegai.org\\\/en\\\/oegai-annual-congress-2026\\\/\"]}]},{\"@type\":\"ImageObject\",\"inLanguage\":\"en-US\",\"@id\":\"https:\\\/\\\/oegai.org\\\/en\\\/oegai-annual-congress-2026\\\/#primaryimage\",\"url\":\"https:\\\/\\\/oegai.org\\\/wp-content\\\/uploads\\\/2026\\\/02\\\/OeGAI_AM.jpg\",\"contentUrl\":\"https:\\\/\\\/oegai.org\\\/wp-content\\\/uploads\\\/2026\\\/02\\\/OeGAI_AM.jpg\",\"width\":1861,\"height\":1862},{\"@type\":\"BreadcrumbList\",\"@id\":\"https:\\\/\\\/oegai.org\\\/en\\\/oegai-annual-congress-2026\\\/#breadcrumb\",\"itemListElement\":[{\"@type\":\"ListItem\",\"position\":1,\"name\":\"Home\",\"item\":\"https:\\\/\\\/oegai.org\\\/en\\\/\"},{\"@type\":\"ListItem\",\"position\":2,\"name\":\"\u00d6GAI Annual Conference 2026\"}]},{\"@type\":\"WebSite\",\"@id\":\"https:\\\/\\\/oegai.org\\\/en\\\/#website\",\"url\":\"https:\\\/\\\/oegai.org\\\/en\\\/\",\"name\":\"\u00d6GAI\",\"description\":\"\u00d6sterreichische Gesellschaft f\u00fcr Allergologie und Immunologie\",\"potentialAction\":[{\"@type\":\"SearchAction\",\"target\":{\"@type\":\"EntryPoint\",\"urlTemplate\":\"https:\\\/\\\/oegai.org\\\/en\\\/?s={search_term_string}\"},\"query-input\":{\"@type\":\"PropertyValueSpecification\",\"valueRequired\":true,\"valueName\":\"search_term_string\"}}],\"inLanguage\":\"en-US\"},{\"@type\":\"Person\",\"@id\":\"https:\\\/\\\/oegai.org\\\/en\\\/#\\\/schema\\\/person\\\/c648a2786104dcf930aa519128a52be7\",\"name\":\"Wilfried ELLMEIER\",\"image\":{\"@type\":\"ImageObject\",\"inLanguage\":\"en-US\",\"@id\":\"https:\\\/\\\/secure.gravatar.com\\\/avatar\\\/39612162460dab7cdccc613ce348e14394528e3b837f0c662d4ed2e91a2b750f?s=96&d=mm&r=g\",\"url\":\"https:\\\/\\\/secure.gravatar.com\\\/avatar\\\/39612162460dab7cdccc613ce348e14394528e3b837f0c662d4ed2e91a2b750f?s=96&d=mm&r=g\",\"contentUrl\":\"https:\\\/\\\/secure.gravatar.com\\\/avatar\\\/39612162460dab7cdccc613ce348e14394528e3b837f0c662d4ed2e91a2b750f?s=96&d=mm&r=g\",\"caption\":\"Wilfried ELLMEIER\"},\"url\":\"https:\\\/\\\/oegai.org\\\/en\\\/author\\\/ellmeier\\\/\"}]}<\/script>\n<!-- \/ Yoast SEO plugin. -->","yoast_head_json":{"title":"\u00d6GAI Annual Conference 2026 - \u00d6GAI","robots":{"index":"index","follow":"follow","max-snippet":"max-snippet:-1","max-image-preview":"max-image-preview:large","max-video-preview":"max-video-preview:-1"},"canonical":"https:\/\/oegai.org\/en\/oegai-annual-congress-2026\/","og_locale":"en_US","og_type":"article","og_title":"\u00d6GAI Annual Conference 2026 - \u00d6GAI","og_description":"[vc_row type=&#8221;in_container&#8221; full_screen_row_position=&#8221;middle&#8221; column_margin=&#8221;default&#8221; column_direction=&#8221;default&#8221; column_direction_tablet=&#8221;default&#8221; column_direction_phone=&#8221;default&#8221; scene_position=&#8221;center&#8221; text_color=&#8221;dark&#8221; text_align=&#8221;left&#8221; row_border_radius=&#8221;none&#8221; row_border_radius_applies=&#8221;bg&#8221; row_position_desktop=&#8221;default&#8221; row_position_tablet=&#8221;inherit&#8221; row_position_phone=&#8221;inherit&#8221; overflow=&#8221;visible&#8221; overlay_strength=&#8221;0.3&#8243; gradient_direction=&#8221;left_to_right&#8221; shape_divider_position=&#8221;bottom&#8221; bg_image_animation=&#8221;none&#8221;][vc_column column_padding=&#8221;no-extra-padding&#8221; column_padding_tablet=&#8221;inherit&#8221; column_padding_phone=&#8221;inherit&#8221; column_padding_position=&#8221;all&#8221; flex_gap_desktop=&#8221;10px&#8221; column_element_direction_desktop=&#8221;default&#8221; column_element_spacing=&#8221;default&#8221; desktop_text_alignment=&#8221;default&#8221; tablet_text_alignment=&#8221;default&#8221; phone_text_alignment=&#8221;default&#8221;...","og_url":"https:\/\/oegai.org\/en\/oegai-annual-congress-2026\/","og_site_name":"\u00d6GAI","article_published_time":"2026-06-01T15:18:23+00:00","article_modified_time":"2026-09-01T07:46:37+00:00","og_image":[{"width":1861,"height":1862,"url":"https:\/\/oegai.org\/wp-content\/uploads\/2026\/02\/OeGAI_AM.jpg","type":"image\/jpeg"}],"author":"Wilfried ELLMEIER","twitter_card":"summary_large_image","twitter_misc":{"Written by":"Wilfried ELLMEIER","Est. reading time":"5 minutes"},"schema":{"@context":"https:\/\/schema.org","@graph":[{"@type":"Article","@id":"https:\/\/oegai.org\/en\/oegai-annual-congress-2026\/#article","isPartOf":{"@id":"https:\/\/oegai.org\/en\/oegai-annual-congress-2026\/"},"author":{"name":"Wilfried ELLMEIER","@id":"https:\/\/oegai.org\/en\/#\/schema\/person\/c648a2786104dcf930aa519128a52be7"},"headline":"\u00d6GAI Annual Conference 2026","datePublished":"2026-06-01T15:18:23+00:00","dateModified":"2026-09-01T07:46:37+00:00","mainEntityOfPage":{"@id":"https:\/\/oegai.org\/en\/oegai-annual-congress-2026\/"},"wordCount":1785,"image":{"@id":"https:\/\/oegai.org\/en\/oegai-annual-congress-2026\/#primaryimage"},"thumbnailUrl":"https:\/\/oegai.org\/wp-content\/uploads\/2026\/02\/OeGAI_AM.jpg","articleSection":["Annual Meetings","Latest News","\u00d6GAI News"],"inLanguage":"en-US"},{"@type":"WebPage","@id":"https:\/\/oegai.org\/en\/oegai-annual-congress-2026\/","url":"https:\/\/oegai.org\/en\/oegai-annual-congress-2026\/","name":"\u00d6GAI Annual Conference 2026 - \u00d6GAI","isPartOf":{"@id":"https:\/\/oegai.org\/en\/#website"},"primaryImageOfPage":{"@id":"https:\/\/oegai.org\/en\/oegai-annual-congress-2026\/#primaryimage"},"image":{"@id":"https:\/\/oegai.org\/en\/oegai-annual-congress-2026\/#primaryimage"},"thumbnailUrl":"https:\/\/oegai.org\/wp-content\/uploads\/2026\/02\/OeGAI_AM.jpg","datePublished":"2026-06-01T15:18:23+00:00","dateModified":"2026-09-01T07:46:37+00:00","author":{"@id":"https:\/\/oegai.org\/en\/#\/schema\/person\/c648a2786104dcf930aa519128a52be7"},"breadcrumb":{"@id":"https:\/\/oegai.org\/en\/oegai-annual-congress-2026\/#breadcrumb"},"inLanguage":"en-US","potentialAction":[{"@type":"ReadAction","target":["https:\/\/oegai.org\/en\/oegai-annual-congress-2026\/"]}]},{"@type":"ImageObject","inLanguage":"en-US","@id":"https:\/\/oegai.org\/en\/oegai-annual-congress-2026\/#primaryimage","url":"https:\/\/oegai.org\/wp-content\/uploads\/2026\/02\/OeGAI_AM.jpg","contentUrl":"https:\/\/oegai.org\/wp-content\/uploads\/2026\/02\/OeGAI_AM.jpg","width":1861,"height":1862},{"@type":"BreadcrumbList","@id":"https:\/\/oegai.org\/en\/oegai-annual-congress-2026\/#breadcrumb","itemListElement":[{"@type":"ListItem","position":1,"name":"Home","item":"https:\/\/oegai.org\/en\/"},{"@type":"ListItem","position":2,"name":"\u00d6GAI Annual Conference 2026"}]},{"@type":"WebSite","@id":"https:\/\/oegai.org\/en\/#website","url":"https:\/\/oegai.org\/en\/","name":"\u00d6GAI","description":"\u00d6sterreichische Gesellschaft f\u00fcr Allergologie und Immunologie","potentialAction":[{"@type":"SearchAction","target":{"@type":"EntryPoint","urlTemplate":"https:\/\/oegai.org\/en\/?s={search_term_string}"},"query-input":{"@type":"PropertyValueSpecification","valueRequired":true,"valueName":"search_term_string"}}],"inLanguage":"en-US"},{"@type":"Person","@id":"https:\/\/oegai.org\/en\/#\/schema\/person\/c648a2786104dcf930aa519128a52be7","name":"Wilfried ELLMEIER","image":{"@type":"ImageObject","inLanguage":"en-US","@id":"https:\/\/secure.gravatar.com\/avatar\/39612162460dab7cdccc613ce348e14394528e3b837f0c662d4ed2e91a2b750f?s=96&d=mm&r=g","url":"https:\/\/secure.gravatar.com\/avatar\/39612162460dab7cdccc613ce348e14394528e3b837f0c662d4ed2e91a2b750f?s=96&d=mm&r=g","contentUrl":"https:\/\/secure.gravatar.com\/avatar\/39612162460dab7cdccc613ce348e14394528e3b837f0c662d4ed2e91a2b750f?s=96&d=mm&r=g","caption":"Wilfried ELLMEIER"},"url":"https:\/\/oegai.org\/en\/author\/ellmeier\/"}]}},"_links":{"self":[{"href":"https:\/\/oegai.org\/en\/wp-json\/wp\/v2\/posts\/9893","targetHints":{"allow":["GET"]}}],"collection":[{"href":"https:\/\/oegai.org\/en\/wp-json\/wp\/v2\/posts"}],"about":[{"href":"https:\/\/oegai.org\/en\/wp-json\/wp\/v2\/types\/post"}],"author":[{"embeddable":true,"href":"https:\/\/oegai.org\/en\/wp-json\/wp\/v2\/users\/1204"}],"replies":[{"embeddable":true,"href":"https:\/\/oegai.org\/en\/wp-json\/wp\/v2\/comments?post=9893"}],"version-history":[{"count":36,"href":"https:\/\/oegai.org\/en\/wp-json\/wp\/v2\/posts\/9893\/revisions"}],"predecessor-version":[{"id":11011,"href":"https:\/\/oegai.org\/en\/wp-json\/wp\/v2\/posts\/9893\/revisions\/11011"}],"wp:featuredmedia":[{"embeddable":true,"href":"https:\/\/oegai.org\/en\/wp-json\/wp\/v2\/media\/10315"}],"wp:attachment":[{"href":"https:\/\/oegai.org\/en\/wp-json\/wp\/v2\/media?parent=9893"}],"wp:term":[{"taxonomy":"category","embeddable":true,"href":"https:\/\/oegai.org\/en\/wp-json\/wp\/v2\/categories?post=9893"},{"taxonomy":"post_tag","embeddable":true,"href":"https:\/\/oegai.org\/en\/wp-json\/wp\/v2\/tags?post=9893"}],"curies":[{"name":"wp","href":"https:\/\/api.w.org\/{rel}","templated":true}]}}